{"id":21238,"date":"2026-04-07T15:06:59","date_gmt":"2026-04-07T13:06:59","guid":{"rendered":"https:\/\/erosieibarren.eus\/baratze-gourmetek-eibar-ordezkatuko-du-debabarrena-gourmet-ekimenean\/"},"modified":"2026-04-07T15:16:07","modified_gmt":"2026-04-07T13:16:07","slug":"baratze-gourmet-representara-a-eibar-en-debabarrena-gourmet","status":"publish","type":"post","link":"https:\/\/erosieibarren.eus\/es\/baratze-gourmet-representara-a-eibar-en-debabarrena-gourmet\/","title":{"rendered":"Baratze Gourmet representar\u00e1 a Eibar en Debabarrena Gourmet"},"content":{"rendered":"\n<p><strong>Baratze Gourmet ser\u00e1 el \u00fanico representante de Eibar este a\u00f1o en la iniciativa gastron\u00f3mica \u201cDebabarrena Gourmet\u201d.<\/strong> La propuesta, que tiene como objetivo poner en valor la gastronom\u00eda de Debabarrena, celebrar\u00e1 este a\u00f1o su tercera edici\u00f3n, y del <strong>10 al 30 de abril<\/strong> siete restaurantes de la comarca ofrecer\u00e1n men\u00fas especiales.<\/p>\n\n\n\n<p>Junto a <strong>Baratze<\/strong> (Eibar), en esta edici\u00f3n tambi\u00e9n participar\u00e1n <strong>Belaustegi<\/strong> (Elgoibar), <strong>Hiru Bistro<\/strong> y <strong>Urgain<\/strong> (Deba), <strong>Pikua<\/strong> (Mutriku), <strong>Trabakua Behekoa<\/strong> (Mallabia) y <strong>Salegi<\/strong> (Itziar). En total, ser\u00e1n <strong>siete establecimientos<\/strong> los que formen parte de la propuesta de este a\u00f1o.<\/p>\n\n\n\n<p>El objetivo de la iniciativa es <strong>poner en valor el trabajo de los cocineros de la comarca y los productos locales<\/strong>, y para ello cada restaurante ha preparado su propio men\u00fa especial. El men\u00fa de <strong>\u201cDebabarrena Gourmet\u201d<\/strong> de este a\u00f1o tendr\u00e1 un precio de <strong>65 euros<\/strong> e incluir\u00e1 <strong>siete platos<\/strong>: un aperitivo, dos entrantes, dos platos principales \u2014pescado y carne\u2014 y dos postres. Adem\u00e1s, el men\u00fa tambi\u00e9n incluir\u00e1 <strong>pan, bebida y caf\u00e9<\/strong>.<\/p>\n\n\n\n<p>Quienes deseen probar el men\u00fa deber\u00e1n <strong>hacer la reserva directamente en el restaurante<\/strong> y solicitar el men\u00fa <strong>\u201cDebabarrena Gourmet\u201d<\/strong>.<\/p>\n\n\n\n<p>Ver todos los men\u00fas: https:\/\/debabarrenaturismo.com\/gastronomia\/debabarrena-gourmet-2026\/<\/p>\n","protected":false},"excerpt":{"rendered":"<p>Baratze Gourmet ser\u00e1 el \u00fanico representante de Eibar este a\u00f1o en la iniciativa gastron\u00f3mica \u201cDebabarrena Gourmet\u201d. La propuesta, que tiene como objetivo poner en valor la gastronom\u00eda de Debabarrena, celebrar\u00e1 este a\u00f1o su tercera edici\u00f3n, y del 10 al 30 de abril siete restaurantes de la comarca ofrecer\u00e1n men\u00fas especiales. Junto a Baratze (Eibar), en &hellip; <\/p>\n","protected":false},"author":2,"featured_media":21234,"comment_status":"closed","ping_status":"closed","sticky":false,"template":"","format":"standard","meta":{"footnotes":""},"categories":[167],"tags":[408,409,411],"class_list":["post-21238","post","type-post","status-publish","format-standard","has-post-thumbnail","hentry","category-sin-categorizar","tag-baratze","tag-debabarrena-gourmet","tag-gastronomia-local"],"yoast_head":"<!-- This site is optimized with the Yoast SEO plugin v27.5 - https:\/\/yoast.com\/product\/yoast-seo-wordpress\/ -->\n<title>Baratze ser\u00e1 el \u00fanico restaurante de Eibar en Debabarrena Gourmet | Erosieibarren<\/title>\n<meta name=\"description\" content=\"Baratze Gourmet representar\u00e1 a Eibar en la tercera edici\u00f3n de Debabarrena Gourmet, que se celebrar\u00e1 del 10 al 30 de abril con men\u00fas especiales en siete restaurantes de la comarca.\" \/>\n<meta name=\"robots\" content=\"index, follow, max-snippet:-1, max-image-preview:large, max-video-preview:-1\" \/>\n<link rel=\"canonical\" href=\"https:\/\/erosieibarren.eus\/es\/baratze-gourmet-representara-a-eibar-en-debabarrena-gourmet\/\" \/>\n<meta property=\"og:locale\" content=\"es_ES\" \/>\n<meta property=\"og:type\" content=\"article\" \/>\n<meta property=\"og:title\" content=\"Baratze ser\u00e1 el \u00fanico restaurante de Eibar en Debabarrena Gourmet | Erosieibarren\" \/>\n<meta property=\"og:description\" content=\"Baratze Gourmet representar\u00e1 a Eibar en la tercera edici\u00f3n de Debabarrena Gourmet, que se celebrar\u00e1 del 10 al 30 de abril con men\u00fas especiales en siete restaurantes de la comarca.\" \/>\n<meta property=\"og:url\" content=\"https:\/\/erosieibarren.eus\/es\/baratze-gourmet-representara-a-eibar-en-debabarrena-gourmet\/\" \/>\n<meta property=\"og:site_name\" content=\"Erosieibarren.eus\" \/>\n<meta property=\"article:published_time\" content=\"2026-04-07T13:06:59+00:00\" \/>\n<meta property=\"article:modified_time\" content=\"2026-04-07T13:16:07+00:00\" \/>\n<meta property=\"og:image\" content=\"https:\/\/erosieibarren.eus\/wp-content\/uploads\/2026\/04\/debabarrena-gourmet.jpg\" \/>\n\t<meta property=\"og:image:width\" content=\"786\" \/>\n\t<meta property=\"og:image:height\" content=\"524\" \/>\n\t<meta property=\"og:image:type\" content=\"image\/jpeg\" \/>\n<meta name=\"author\" content=\"cioka\" \/>\n<meta name=\"twitter:card\" content=\"summary_large_image\" \/>\n<meta name=\"twitter:label1\" content=\"Escrito por\" \/>\n\t<meta name=\"twitter:data1\" content=\"cioka\" \/>\n\t<meta name=\"twitter:label2\" content=\"Tiempo de lectura\" \/>\n\t<meta name=\"twitter:data2\" content=\"2 minutos\" \/>\n<script type=\"application\/ld+json\" class=\"yoast-schema-graph\">{\"@context\":\"https:\\\/\\\/schema.org\",\"@graph\":[{\"@type\":\"Article\",\"@id\":\"https:\\\/\\\/erosieibarren.eus\\\/es\\\/baratze-gourmet-representara-a-eibar-en-debabarrena-gourmet\\\/#article\",\"isPartOf\":{\"@id\":\"https:\\\/\\\/erosieibarren.eus\\\/es\\\/baratze-gourmet-representara-a-eibar-en-debabarrena-gourmet\\\/\"},\"author\":{\"name\":\"cioka\",\"@id\":\"https:\\\/\\\/erosieibarren.eus\\\/es\\\/#\\\/schema\\\/person\\\/8f7673299d9496520a5da51fad1d750b\"},\"headline\":\"Baratze Gourmet representar\u00e1 a Eibar en Debabarrena Gourmet\",\"datePublished\":\"2026-04-07T13:06:59+00:00\",\"dateModified\":\"2026-04-07T13:16:07+00:00\",\"mainEntityOfPage\":{\"@id\":\"https:\\\/\\\/erosieibarren.eus\\\/es\\\/baratze-gourmet-representara-a-eibar-en-debabarrena-gourmet\\\/\"},\"wordCount\":211,\"publisher\":{\"@id\":\"https:\\\/\\\/erosieibarren.eus\\\/es\\\/#organization\"},\"image\":{\"@id\":\"https:\\\/\\\/erosieibarren.eus\\\/es\\\/baratze-gourmet-representara-a-eibar-en-debabarrena-gourmet\\\/#primaryimage\"},\"thumbnailUrl\":\"https:\\\/\\\/erosieibarren.eus\\\/wp-content\\\/uploads\\\/2026\\\/04\\\/debabarrena-gourmet.jpg\",\"keywords\":[\"Baratze\",\"Debabarrena Gourmet\",\"Gastronom\u00eda local\"],\"articleSection\":[\"Sin categorizar\"],\"inLanguage\":\"es\"},{\"@type\":\"WebPage\",\"@id\":\"https:\\\/\\\/erosieibarren.eus\\\/es\\\/baratze-gourmet-representara-a-eibar-en-debabarrena-gourmet\\\/\",\"url\":\"https:\\\/\\\/erosieibarren.eus\\\/es\\\/baratze-gourmet-representara-a-eibar-en-debabarrena-gourmet\\\/\",\"name\":\"Baratze ser\u00e1 el \u00fanico restaurante de Eibar en Debabarrena Gourmet | Erosieibarren\",\"isPartOf\":{\"@id\":\"https:\\\/\\\/erosieibarren.eus\\\/es\\\/#website\"},\"primaryImageOfPage\":{\"@id\":\"https:\\\/\\\/erosieibarren.eus\\\/es\\\/baratze-gourmet-representara-a-eibar-en-debabarrena-gourmet\\\/#primaryimage\"},\"image\":{\"@id\":\"https:\\\/\\\/erosieibarren.eus\\\/es\\\/baratze-gourmet-representara-a-eibar-en-debabarrena-gourmet\\\/#primaryimage\"},\"thumbnailUrl\":\"https:\\\/\\\/erosieibarren.eus\\\/wp-content\\\/uploads\\\/2026\\\/04\\\/debabarrena-gourmet.jpg\",\"datePublished\":\"2026-04-07T13:06:59+00:00\",\"dateModified\":\"2026-04-07T13:16:07+00:00\",\"description\":\"Baratze Gourmet representar\u00e1 a Eibar en la tercera edici\u00f3n de Debabarrena Gourmet, que se celebrar\u00e1 del 10 al 30 de abril con men\u00fas especiales en siete restaurantes de la comarca.\",\"breadcrumb\":{\"@id\":\"https:\\\/\\\/erosieibarren.eus\\\/es\\\/baratze-gourmet-representara-a-eibar-en-debabarrena-gourmet\\\/#breadcrumb\"},\"inLanguage\":\"es\",\"potentialAction\":[{\"@type\":\"ReadAction\",\"target\":[\"https:\\\/\\\/erosieibarren.eus\\\/es\\\/baratze-gourmet-representara-a-eibar-en-debabarrena-gourmet\\\/\"]}]},{\"@type\":\"ImageObject\",\"inLanguage\":\"es\",\"@id\":\"https:\\\/\\\/erosieibarren.eus\\\/es\\\/baratze-gourmet-representara-a-eibar-en-debabarrena-gourmet\\\/#primaryimage\",\"url\":\"https:\\\/\\\/erosieibarren.eus\\\/wp-content\\\/uploads\\\/2026\\\/04\\\/debabarrena-gourmet.jpg\",\"contentUrl\":\"https:\\\/\\\/erosieibarren.eus\\\/wp-content\\\/uploads\\\/2026\\\/04\\\/debabarrena-gourmet.jpg\",\"width\":786,\"height\":524},{\"@type\":\"BreadcrumbList\",\"@id\":\"https:\\\/\\\/erosieibarren.eus\\\/es\\\/baratze-gourmet-representara-a-eibar-en-debabarrena-gourmet\\\/#breadcrumb\",\"itemListElement\":[{\"@type\":\"ListItem\",\"position\":1,\"name\":\"Hasiera\",\"item\":\"https:\\\/\\\/erosieibarren.eus\\\/es\\\/\"},{\"@type\":\"ListItem\",\"position\":2,\"name\":\"Baratze Gourmet representar\u00e1 a Eibar en Debabarrena Gourmet\"}]},{\"@type\":\"WebSite\",\"@id\":\"https:\\\/\\\/erosieibarren.eus\\\/es\\\/#website\",\"url\":\"https:\\\/\\\/erosieibarren.eus\\\/es\\\/\",\"name\":\"Eibarko merkatarien web ataria\",\"description\":\"Eibarko merkatarien web ataria\",\"publisher\":{\"@id\":\"https:\\\/\\\/erosieibarren.eus\\\/es\\\/#organization\"},\"alternateName\":\"Erosieibarren.eus\",\"potentialAction\":[{\"@type\":\"SearchAction\",\"target\":{\"@type\":\"EntryPoint\",\"urlTemplate\":\"https:\\\/\\\/erosieibarren.eus\\\/es\\\/?s={search_term_string}\"},\"query-input\":{\"@type\":\"PropertyValueSpecification\",\"valueRequired\":true,\"valueName\":\"search_term_string\"}}],\"inLanguage\":\"es\"},{\"@type\":\"Organization\",\"@id\":\"https:\\\/\\\/erosieibarren.eus\\\/es\\\/#organization\",\"name\":\"Erosieibarren.eus\",\"url\":\"https:\\\/\\\/erosieibarren.eus\\\/es\\\/\",\"logo\":{\"@type\":\"ImageObject\",\"inLanguage\":\"es\",\"@id\":\"https:\\\/\\\/erosieibarren.eus\\\/es\\\/#\\\/schema\\\/logo\\\/image\\\/\",\"url\":\"https:\\\/\\\/erosieibarren.eus\\\/wp-content\\\/uploads\\\/2022\\\/11\\\/logo-color.png\",\"contentUrl\":\"https:\\\/\\\/erosieibarren.eus\\\/wp-content\\\/uploads\\\/2022\\\/11\\\/logo-color.png\",\"width\":1713,\"height\":321,\"caption\":\"Erosieibarren.eus\"},\"image\":{\"@id\":\"https:\\\/\\\/erosieibarren.eus\\\/es\\\/#\\\/schema\\\/logo\\\/image\\\/\"},\"sameAs\":[\"https:\\\/\\\/www.instagram.com\\\/erosieibarren_\\\/\"]},{\"@type\":\"Person\",\"@id\":\"https:\\\/\\\/erosieibarren.eus\\\/es\\\/#\\\/schema\\\/person\\\/8f7673299d9496520a5da51fad1d750b\",\"name\":\"cioka\",\"image\":{\"@type\":\"ImageObject\",\"inLanguage\":\"es\",\"@id\":\"https:\\\/\\\/erosieibarren.eus\\\/wp-content\\\/plugins\\\/townhub-add-ons\\\/assets\\\/images\\\/avatar.jpg\",\"url\":\"https:\\\/\\\/erosieibarren.eus\\\/wp-content\\\/plugins\\\/townhub-add-ons\\\/assets\\\/images\\\/avatar.jpg\",\"contentUrl\":\"https:\\\/\\\/erosieibarren.eus\\\/wp-content\\\/plugins\\\/townhub-add-ons\\\/assets\\\/images\\\/avatar.jpg\",\"caption\":\"cioka\"}}]}<\/script>\n<!-- \/ Yoast SEO plugin. -->","yoast_head_json":{"title":"Baratze ser\u00e1 el \u00fanico restaurante de Eibar en Debabarrena Gourmet | Erosieibarren","description":"Baratze Gourmet representar\u00e1 a Eibar en la tercera edici\u00f3n de Debabarrena Gourmet, que se celebrar\u00e1 del 10 al 30 de abril con men\u00fas especiales en siete restaurantes de la comarca.","robots":{"index":"index","follow":"follow","max-snippet":"max-snippet:-1","max-image-preview":"max-image-preview:large","max-video-preview":"max-video-preview:-1"},"canonical":"https:\/\/erosieibarren.eus\/es\/baratze-gourmet-representara-a-eibar-en-debabarrena-gourmet\/","og_locale":"es_ES","og_type":"article","og_title":"Baratze ser\u00e1 el \u00fanico restaurante de Eibar en Debabarrena Gourmet | Erosieibarren","og_description":"Baratze Gourmet representar\u00e1 a Eibar en la tercera edici\u00f3n de Debabarrena Gourmet, que se celebrar\u00e1 del 10 al 30 de abril con men\u00fas especiales en siete restaurantes de la comarca.","og_url":"https:\/\/erosieibarren.eus\/es\/baratze-gourmet-representara-a-eibar-en-debabarrena-gourmet\/","og_site_name":"Erosieibarren.eus","article_published_time":"2026-04-07T13:06:59+00:00","article_modified_time":"2026-04-07T13:16:07+00:00","og_image":[{"width":786,"height":524,"url":"https:\/\/erosieibarren.eus\/wp-content\/uploads\/2026\/04\/debabarrena-gourmet.jpg","type":"image\/jpeg"}],"author":"cioka","twitter_card":"summary_large_image","twitter_misc":{"Escrito por":"cioka","Tiempo de lectura":"2 minutos"},"schema":{"@context":"https:\/\/schema.org","@graph":[{"@type":"Article","@id":"https:\/\/erosieibarren.eus\/es\/baratze-gourmet-representara-a-eibar-en-debabarrena-gourmet\/#article","isPartOf":{"@id":"https:\/\/erosieibarren.eus\/es\/baratze-gourmet-representara-a-eibar-en-debabarrena-gourmet\/"},"author":{"name":"cioka","@id":"https:\/\/erosieibarren.eus\/es\/#\/schema\/person\/8f7673299d9496520a5da51fad1d750b"},"headline":"Baratze Gourmet representar\u00e1 a Eibar en Debabarrena Gourmet","datePublished":"2026-04-07T13:06:59+00:00","dateModified":"2026-04-07T13:16:07+00:00","mainEntityOfPage":{"@id":"https:\/\/erosieibarren.eus\/es\/baratze-gourmet-representara-a-eibar-en-debabarrena-gourmet\/"},"wordCount":211,"publisher":{"@id":"https:\/\/erosieibarren.eus\/es\/#organization"},"image":{"@id":"https:\/\/erosieibarren.eus\/es\/baratze-gourmet-representara-a-eibar-en-debabarrena-gourmet\/#primaryimage"},"thumbnailUrl":"https:\/\/erosieibarren.eus\/wp-content\/uploads\/2026\/04\/debabarrena-gourmet.jpg","keywords":["Baratze","Debabarrena Gourmet","Gastronom\u00eda local"],"articleSection":["Sin categorizar"],"inLanguage":"es"},{"@type":"WebPage","@id":"https:\/\/erosieibarren.eus\/es\/baratze-gourmet-representara-a-eibar-en-debabarrena-gourmet\/","url":"https:\/\/erosieibarren.eus\/es\/baratze-gourmet-representara-a-eibar-en-debabarrena-gourmet\/","name":"Baratze ser\u00e1 el \u00fanico restaurante de Eibar en Debabarrena Gourmet | Erosieibarren","isPartOf":{"@id":"https:\/\/erosieibarren.eus\/es\/#website"},"primaryImageOfPage":{"@id":"https:\/\/erosieibarren.eus\/es\/baratze-gourmet-representara-a-eibar-en-debabarrena-gourmet\/#primaryimage"},"image":{"@id":"https:\/\/erosieibarren.eus\/es\/baratze-gourmet-representara-a-eibar-en-debabarrena-gourmet\/#primaryimage"},"thumbnailUrl":"https:\/\/erosieibarren.eus\/wp-content\/uploads\/2026\/04\/debabarrena-gourmet.jpg","datePublished":"2026-04-07T13:06:59+00:00","dateModified":"2026-04-07T13:16:07+00:00","description":"Baratze Gourmet representar\u00e1 a Eibar en la tercera edici\u00f3n de Debabarrena Gourmet, que se celebrar\u00e1 del 10 al 30 de abril con men\u00fas especiales en siete restaurantes de la comarca.","breadcrumb":{"@id":"https:\/\/erosieibarren.eus\/es\/baratze-gourmet-representara-a-eibar-en-debabarrena-gourmet\/#breadcrumb"},"inLanguage":"es","potentialAction":[{"@type":"ReadAction","target":["https:\/\/erosieibarren.eus\/es\/baratze-gourmet-representara-a-eibar-en-debabarrena-gourmet\/"]}]},{"@type":"ImageObject","inLanguage":"es","@id":"https:\/\/erosieibarren.eus\/es\/baratze-gourmet-representara-a-eibar-en-debabarrena-gourmet\/#primaryimage","url":"https:\/\/erosieibarren.eus\/wp-content\/uploads\/2026\/04\/debabarrena-gourmet.jpg","contentUrl":"https:\/\/erosieibarren.eus\/wp-content\/uploads\/2026\/04\/debabarrena-gourmet.jpg","width":786,"height":524},{"@type":"BreadcrumbList","@id":"https:\/\/erosieibarren.eus\/es\/baratze-gourmet-representara-a-eibar-en-debabarrena-gourmet\/#breadcrumb","itemListElement":[{"@type":"ListItem","position":1,"name":"Hasiera","item":"https:\/\/erosieibarren.eus\/es\/"},{"@type":"ListItem","position":2,"name":"Baratze Gourmet representar\u00e1 a Eibar en Debabarrena Gourmet"}]},{"@type":"WebSite","@id":"https:\/\/erosieibarren.eus\/es\/#website","url":"https:\/\/erosieibarren.eus\/es\/","name":"Eibarko merkatarien web ataria","description":"Eibarko merkatarien web ataria","publisher":{"@id":"https:\/\/erosieibarren.eus\/es\/#organization"},"alternateName":"Erosieibarren.eus","potentialAction":[{"@type":"SearchAction","target":{"@type":"EntryPoint","urlTemplate":"https:\/\/erosieibarren.eus\/es\/?s={search_term_string}"},"query-input":{"@type":"PropertyValueSpecification","valueRequired":true,"valueName":"search_term_string"}}],"inLanguage":"es"},{"@type":"Organization","@id":"https:\/\/erosieibarren.eus\/es\/#organization","name":"Erosieibarren.eus","url":"https:\/\/erosieibarren.eus\/es\/","logo":{"@type":"ImageObject","inLanguage":"es","@id":"https:\/\/erosieibarren.eus\/es\/#\/schema\/logo\/image\/","url":"https:\/\/erosieibarren.eus\/wp-content\/uploads\/2022\/11\/logo-color.png","contentUrl":"https:\/\/erosieibarren.eus\/wp-content\/uploads\/2022\/11\/logo-color.png","width":1713,"height":321,"caption":"Erosieibarren.eus"},"image":{"@id":"https:\/\/erosieibarren.eus\/es\/#\/schema\/logo\/image\/"},"sameAs":["https:\/\/www.instagram.com\/erosieibarren_\/"]},{"@type":"Person","@id":"https:\/\/erosieibarren.eus\/es\/#\/schema\/person\/8f7673299d9496520a5da51fad1d750b","name":"cioka","image":{"@type":"ImageObject","inLanguage":"es","@id":"https:\/\/erosieibarren.eus\/wp-content\/plugins\/townhub-add-ons\/assets\/images\/avatar.jpg","url":"https:\/\/erosieibarren.eus\/wp-content\/plugins\/townhub-add-ons\/assets\/images\/avatar.jpg","contentUrl":"https:\/\/erosieibarren.eus\/wp-content\/plugins\/townhub-add-ons\/assets\/images\/avatar.jpg","caption":"cioka"}}]}},"jetpack_featured_media_url":"https:\/\/erosieibarren.eus\/wp-content\/uploads\/2026\/04\/debabarrena-gourmet.jpg","_links":{"self":[{"href":"https:\/\/erosieibarren.eus\/es\/wp-json\/wp\/v2\/posts\/21238","targetHints":{"allow":["GET"]}}],"collection":[{"href":"https:\/\/erosieibarren.eus\/es\/wp-json\/wp\/v2\/posts"}],"about":[{"href":"https:\/\/erosieibarren.eus\/es\/wp-json\/wp\/v2\/types\/post"}],"author":[{"embeddable":true,"href":"https:\/\/erosieibarren.eus\/es\/wp-json\/wp\/v2\/users\/2"}],"replies":[{"embeddable":true,"href":"https:\/\/erosieibarren.eus\/es\/wp-json\/wp\/v2\/comments?post=21238"}],"version-history":[{"count":1,"href":"https:\/\/erosieibarren.eus\/es\/wp-json\/wp\/v2\/posts\/21238\/revisions"}],"predecessor-version":[{"id":21240,"href":"https:\/\/erosieibarren.eus\/es\/wp-json\/wp\/v2\/posts\/21238\/revisions\/21240"}],"wp:featuredmedia":[{"embeddable":true,"href":"https:\/\/erosieibarren.eus\/es\/wp-json\/wp\/v2\/media\/21234"}],"wp:attachment":[{"href":"https:\/\/erosieibarren.eus\/es\/wp-json\/wp\/v2\/media?parent=21238"}],"wp:term":[{"taxonomy":"category","embeddable":true,"href":"https:\/\/erosieibarren.eus\/es\/wp-json\/wp\/v2\/categories?post=21238"},{"taxonomy":"post_tag","embeddable":true,"href":"https:\/\/erosieibarren.eus\/es\/wp-json\/wp\/v2\/tags?post=21238"}],"curies":[{"name":"wp","href":"https:\/\/api.w.org\/{rel}","templated":true}]}}