{"id":21184,"date":"2026-03-12T08:07:00","date_gmt":"2026-03-12T07:07:00","guid":{"rendered":"https:\/\/erosieibarren.eus\/k-bitamina-podcastaren-atal-berria-miguel-martinena-igmar-optika\/"},"modified":"2026-03-12T08:10:38","modified_gmt":"2026-03-12T07:10:38","slug":"nuevo-episodio-del-podcast-k-bitamina-con-miguel-martinena-igmar-optica","status":"publish","type":"post","link":"https:\/\/erosieibarren.eus\/es\/nuevo-episodio-del-podcast-k-bitamina-con-miguel-martinena-igmar-optica\/","title":{"rendered":"Nuevo episodio del podcast K-Bitamina con Miguel Martinena, Igmar \u00d3ptica"},"content":{"rendered":"\n<p>El podcast <strong>K-Bitamina<\/strong> estrena un nuevo episodio en el que entrevistan a <strong>Miguel Martinena<\/strong>, responsable de <strong>Igmar \u00d3ptica<\/strong> en Eibar.<\/p>\n\n\n\n<p>Durante la conversaci\u00f3n, Miguel repasa la trayectoria del negocio, su evoluci\u00f3n a lo largo de los a\u00f1os y el papel que juega hoy en d\u00eda el <strong>comercio local en Eibar<\/strong>. Tal y como explica:<br><em>\u201cHay un trato muy cercano en el que ya no es puro negocio sino que hay algo m\u00e1s, un compromiso.\u201d<\/em><\/p>\n\n\n\n<p>Se trata de un episodio lleno de recuerdos, experiencia y <strong>amor por el comercio de proximidad<\/strong>, en el que se pone en valor la importancia de establecimientos como Igmar dentro de la vida del municipio.<\/p>\n\n\n\n<p>Descubre en este cap\u00edtulo la historia y la filosof\u00eda de <strong>Igmar \u00d3ptica<\/strong>.<\/p>\n\n\n\n<figure class=\"wp-block-embed is-type-video is-provider-youtube wp-block-embed-youtube wp-embed-aspect-16-9 wp-has-aspect-ratio\"><div class=\"wp-block-embed__wrapper\">\n<iframe title=\"K-BITAMINA &quot;Igmar&quot;\" width=\"724\" height=\"407\" src=\"https:\/\/www.youtube.com\/embed\/ECz8e08PCSo?feature=oembed\" frameborder=\"0\" allow=\"accelerometer; autoplay; clipboard-write; encrypted-media; gyroscope; picture-in-picture; web-share\" referrerpolicy=\"strict-origin-when-cross-origin\" allowfullscreen><\/iframe>\n<\/div><\/figure>\n","protected":false},"excerpt":{"rendered":"<p>El podcast K-Bitamina estrena un nuevo episodio en el que entrevistan a Miguel Martinena, responsable de Igmar \u00d3ptica en Eibar. Durante la conversaci\u00f3n, Miguel repasa la trayectoria del negocio, su evoluci\u00f3n a lo largo de los a\u00f1os y el papel que juega hoy en d\u00eda el comercio local en Eibar. Tal y como explica:\u201cHay un &hellip; <\/p>\n","protected":false},"author":2,"featured_media":21182,"comment_status":"closed","ping_status":"closed","sticky":false,"template":"","format":"standard","meta":{"footnotes":""},"categories":[167],"tags":[369,392,394,372],"class_list":["post-21184","post","type-post","status-publish","format-standard","has-post-thumbnail","hentry","category-sin-categorizar","tag-comercio-local","tag-igmar","tag-optica","tag-podcast"],"yoast_head":"<!-- This site is optimized with the Yoast SEO plugin v27.5 - https:\/\/yoast.com\/product\/yoast-seo-wordpress\/ -->\n<title>K-Bitamina con Miguel Martinena de Igmar \u00d3ptica | Erosieibarren<\/title>\n<meta name=\"description\" content=\"El podcast K-Bitamina entrevista a Miguel Martinena, responsable de Igmar \u00d3ptica en Eibar, para hablar sobre comercio local, trayectoria y cercan\u00eda con los clientes.\" \/>\n<meta name=\"robots\" content=\"index, follow, max-snippet:-1, max-image-preview:large, max-video-preview:-1\" \/>\n<link rel=\"canonical\" href=\"https:\/\/erosieibarren.eus\/es\/nuevo-episodio-del-podcast-k-bitamina-con-miguel-martinena-igmar-optica\/\" \/>\n<meta property=\"og:locale\" content=\"es_ES\" \/>\n<meta property=\"og:type\" content=\"article\" \/>\n<meta property=\"og:title\" content=\"K-Bitamina con Miguel Martinena de Igmar \u00d3ptica | Erosieibarren\" \/>\n<meta property=\"og:description\" content=\"El podcast K-Bitamina entrevista a Miguel Martinena, responsable de Igmar \u00d3ptica en Eibar, para hablar sobre comercio local, trayectoria y cercan\u00eda con los clientes.\" \/>\n<meta property=\"og:url\" content=\"https:\/\/erosieibarren.eus\/es\/nuevo-episodio-del-podcast-k-bitamina-con-miguel-martinena-igmar-optica\/\" \/>\n<meta property=\"og:site_name\" content=\"Erosieibarren.eus\" \/>\n<meta property=\"article:published_time\" content=\"2026-03-12T07:07:00+00:00\" \/>\n<meta property=\"article:modified_time\" content=\"2026-03-12T07:10:38+00:00\" \/>\n<meta property=\"og:image\" content=\"https:\/\/erosieibarren.eus\/wp-content\/uploads\/2026\/03\/igmar.png\" \/>\n\t<meta property=\"og:image:width\" content=\"786\" \/>\n\t<meta property=\"og:image:height\" content=\"524\" \/>\n\t<meta property=\"og:image:type\" content=\"image\/png\" \/>\n<meta name=\"author\" content=\"cioka\" \/>\n<meta name=\"twitter:card\" content=\"summary_large_image\" \/>\n<meta name=\"twitter:label1\" content=\"Escrito por\" \/>\n\t<meta name=\"twitter:data1\" content=\"cioka\" \/>\n\t<meta name=\"twitter:label2\" content=\"Tiempo de lectura\" \/>\n\t<meta name=\"twitter:data2\" content=\"1 minuto\" \/>\n<script type=\"application\/ld+json\" class=\"yoast-schema-graph\">{\"@context\":\"https:\\\/\\\/schema.org\",\"@graph\":[{\"@type\":\"Article\",\"@id\":\"https:\\\/\\\/erosieibarren.eus\\\/es\\\/nuevo-episodio-del-podcast-k-bitamina-con-miguel-martinena-igmar-optica\\\/#article\",\"isPartOf\":{\"@id\":\"https:\\\/\\\/erosieibarren.eus\\\/es\\\/nuevo-episodio-del-podcast-k-bitamina-con-miguel-martinena-igmar-optica\\\/\"},\"author\":{\"name\":\"cioka\",\"@id\":\"https:\\\/\\\/erosieibarren.eus\\\/es\\\/#\\\/schema\\\/person\\\/8f7673299d9496520a5da51fad1d750b\"},\"headline\":\"Nuevo episodio del podcast K-Bitamina con Miguel Martinena, Igmar \u00d3ptica\",\"datePublished\":\"2026-03-12T07:07:00+00:00\",\"dateModified\":\"2026-03-12T07:10:38+00:00\",\"mainEntityOfPage\":{\"@id\":\"https:\\\/\\\/erosieibarren.eus\\\/es\\\/nuevo-episodio-del-podcast-k-bitamina-con-miguel-martinena-igmar-optica\\\/\"},\"wordCount\":147,\"publisher\":{\"@id\":\"https:\\\/\\\/erosieibarren.eus\\\/es\\\/#organization\"},\"image\":{\"@id\":\"https:\\\/\\\/erosieibarren.eus\\\/es\\\/nuevo-episodio-del-podcast-k-bitamina-con-miguel-martinena-igmar-optica\\\/#primaryimage\"},\"thumbnailUrl\":\"https:\\\/\\\/erosieibarren.eus\\\/wp-content\\\/uploads\\\/2026\\\/03\\\/igmar.png\",\"keywords\":[\"comercio local\",\"igmar\",\"\u00f3ptica\",\"podcast\"],\"articleSection\":[\"Sin categorizar\"],\"inLanguage\":\"es\"},{\"@type\":\"WebPage\",\"@id\":\"https:\\\/\\\/erosieibarren.eus\\\/es\\\/nuevo-episodio-del-podcast-k-bitamina-con-miguel-martinena-igmar-optica\\\/\",\"url\":\"https:\\\/\\\/erosieibarren.eus\\\/es\\\/nuevo-episodio-del-podcast-k-bitamina-con-miguel-martinena-igmar-optica\\\/\",\"name\":\"K-Bitamina con Miguel Martinena de Igmar \u00d3ptica | Erosieibarren\",\"isPartOf\":{\"@id\":\"https:\\\/\\\/erosieibarren.eus\\\/es\\\/#website\"},\"primaryImageOfPage\":{\"@id\":\"https:\\\/\\\/erosieibarren.eus\\\/es\\\/nuevo-episodio-del-podcast-k-bitamina-con-miguel-martinena-igmar-optica\\\/#primaryimage\"},\"image\":{\"@id\":\"https:\\\/\\\/erosieibarren.eus\\\/es\\\/nuevo-episodio-del-podcast-k-bitamina-con-miguel-martinena-igmar-optica\\\/#primaryimage\"},\"thumbnailUrl\":\"https:\\\/\\\/erosieibarren.eus\\\/wp-content\\\/uploads\\\/2026\\\/03\\\/igmar.png\",\"datePublished\":\"2026-03-12T07:07:00+00:00\",\"dateModified\":\"2026-03-12T07:10:38+00:00\",\"description\":\"El podcast K-Bitamina entrevista a Miguel Martinena, responsable de Igmar \u00d3ptica en Eibar, para hablar sobre comercio local, trayectoria y cercan\u00eda con los clientes.\",\"breadcrumb\":{\"@id\":\"https:\\\/\\\/erosieibarren.eus\\\/es\\\/nuevo-episodio-del-podcast-k-bitamina-con-miguel-martinena-igmar-optica\\\/#breadcrumb\"},\"inLanguage\":\"es\",\"potentialAction\":[{\"@type\":\"ReadAction\",\"target\":[\"https:\\\/\\\/erosieibarren.eus\\\/es\\\/nuevo-episodio-del-podcast-k-bitamina-con-miguel-martinena-igmar-optica\\\/\"]}]},{\"@type\":\"ImageObject\",\"inLanguage\":\"es\",\"@id\":\"https:\\\/\\\/erosieibarren.eus\\\/es\\\/nuevo-episodio-del-podcast-k-bitamina-con-miguel-martinena-igmar-optica\\\/#primaryimage\",\"url\":\"https:\\\/\\\/erosieibarren.eus\\\/wp-content\\\/uploads\\\/2026\\\/03\\\/igmar.png\",\"contentUrl\":\"https:\\\/\\\/erosieibarren.eus\\\/wp-content\\\/uploads\\\/2026\\\/03\\\/igmar.png\",\"width\":786,\"height\":524},{\"@type\":\"BreadcrumbList\",\"@id\":\"https:\\\/\\\/erosieibarren.eus\\\/es\\\/nuevo-episodio-del-podcast-k-bitamina-con-miguel-martinena-igmar-optica\\\/#breadcrumb\",\"itemListElement\":[{\"@type\":\"ListItem\",\"position\":1,\"name\":\"Hasiera\",\"item\":\"https:\\\/\\\/erosieibarren.eus\\\/es\\\/\"},{\"@type\":\"ListItem\",\"position\":2,\"name\":\"Nuevo episodio del podcast K-Bitamina con Miguel Martinena, Igmar \u00d3ptica\"}]},{\"@type\":\"WebSite\",\"@id\":\"https:\\\/\\\/erosieibarren.eus\\\/es\\\/#website\",\"url\":\"https:\\\/\\\/erosieibarren.eus\\\/es\\\/\",\"name\":\"Eibarko merkatarien web ataria\",\"description\":\"Eibarko merkatarien web ataria\",\"publisher\":{\"@id\":\"https:\\\/\\\/erosieibarren.eus\\\/es\\\/#organization\"},\"alternateName\":\"Erosieibarren.eus\",\"potentialAction\":[{\"@type\":\"SearchAction\",\"target\":{\"@type\":\"EntryPoint\",\"urlTemplate\":\"https:\\\/\\\/erosieibarren.eus\\\/es\\\/?s={search_term_string}\"},\"query-input\":{\"@type\":\"PropertyValueSpecification\",\"valueRequired\":true,\"valueName\":\"search_term_string\"}}],\"inLanguage\":\"es\"},{\"@type\":\"Organization\",\"@id\":\"https:\\\/\\\/erosieibarren.eus\\\/es\\\/#organization\",\"name\":\"Erosieibarren.eus\",\"url\":\"https:\\\/\\\/erosieibarren.eus\\\/es\\\/\",\"logo\":{\"@type\":\"ImageObject\",\"inLanguage\":\"es\",\"@id\":\"https:\\\/\\\/erosieibarren.eus\\\/es\\\/#\\\/schema\\\/logo\\\/image\\\/\",\"url\":\"https:\\\/\\\/erosieibarren.eus\\\/wp-content\\\/uploads\\\/2022\\\/11\\\/logo-color.png\",\"contentUrl\":\"https:\\\/\\\/erosieibarren.eus\\\/wp-content\\\/uploads\\\/2022\\\/11\\\/logo-color.png\",\"width\":1713,\"height\":321,\"caption\":\"Erosieibarren.eus\"},\"image\":{\"@id\":\"https:\\\/\\\/erosieibarren.eus\\\/es\\\/#\\\/schema\\\/logo\\\/image\\\/\"},\"sameAs\":[\"https:\\\/\\\/www.instagram.com\\\/erosieibarren_\\\/\"]},{\"@type\":\"Person\",\"@id\":\"https:\\\/\\\/erosieibarren.eus\\\/es\\\/#\\\/schema\\\/person\\\/8f7673299d9496520a5da51fad1d750b\",\"name\":\"cioka\",\"image\":{\"@type\":\"ImageObject\",\"inLanguage\":\"es\",\"@id\":\"https:\\\/\\\/erosieibarren.eus\\\/wp-content\\\/plugins\\\/townhub-add-ons\\\/assets\\\/images\\\/avatar.jpg\",\"url\":\"https:\\\/\\\/erosieibarren.eus\\\/wp-content\\\/plugins\\\/townhub-add-ons\\\/assets\\\/images\\\/avatar.jpg\",\"contentUrl\":\"https:\\\/\\\/erosieibarren.eus\\\/wp-content\\\/plugins\\\/townhub-add-ons\\\/assets\\\/images\\\/avatar.jpg\",\"caption\":\"cioka\"}}]}<\/script>\n<!-- \/ Yoast SEO plugin. -->","yoast_head_json":{"title":"K-Bitamina con Miguel Martinena de Igmar \u00d3ptica | Erosieibarren","description":"El podcast K-Bitamina entrevista a Miguel Martinena, responsable de Igmar \u00d3ptica en Eibar, para hablar sobre comercio local, trayectoria y cercan\u00eda con los clientes.","robots":{"index":"index","follow":"follow","max-snippet":"max-snippet:-1","max-image-preview":"max-image-preview:large","max-video-preview":"max-video-preview:-1"},"canonical":"https:\/\/erosieibarren.eus\/es\/nuevo-episodio-del-podcast-k-bitamina-con-miguel-martinena-igmar-optica\/","og_locale":"es_ES","og_type":"article","og_title":"K-Bitamina con Miguel Martinena de Igmar \u00d3ptica | Erosieibarren","og_description":"El podcast K-Bitamina entrevista a Miguel Martinena, responsable de Igmar \u00d3ptica en Eibar, para hablar sobre comercio local, trayectoria y cercan\u00eda con los clientes.","og_url":"https:\/\/erosieibarren.eus\/es\/nuevo-episodio-del-podcast-k-bitamina-con-miguel-martinena-igmar-optica\/","og_site_name":"Erosieibarren.eus","article_published_time":"2026-03-12T07:07:00+00:00","article_modified_time":"2026-03-12T07:10:38+00:00","og_image":[{"width":786,"height":524,"url":"https:\/\/erosieibarren.eus\/wp-content\/uploads\/2026\/03\/igmar.png","type":"image\/png"}],"author":"cioka","twitter_card":"summary_large_image","twitter_misc":{"Escrito por":"cioka","Tiempo de lectura":"1 minuto"},"schema":{"@context":"https:\/\/schema.org","@graph":[{"@type":"Article","@id":"https:\/\/erosieibarren.eus\/es\/nuevo-episodio-del-podcast-k-bitamina-con-miguel-martinena-igmar-optica\/#article","isPartOf":{"@id":"https:\/\/erosieibarren.eus\/es\/nuevo-episodio-del-podcast-k-bitamina-con-miguel-martinena-igmar-optica\/"},"author":{"name":"cioka","@id":"https:\/\/erosieibarren.eus\/es\/#\/schema\/person\/8f7673299d9496520a5da51fad1d750b"},"headline":"Nuevo episodio del podcast K-Bitamina con Miguel Martinena, Igmar \u00d3ptica","datePublished":"2026-03-12T07:07:00+00:00","dateModified":"2026-03-12T07:10:38+00:00","mainEntityOfPage":{"@id":"https:\/\/erosieibarren.eus\/es\/nuevo-episodio-del-podcast-k-bitamina-con-miguel-martinena-igmar-optica\/"},"wordCount":147,"publisher":{"@id":"https:\/\/erosieibarren.eus\/es\/#organization"},"image":{"@id":"https:\/\/erosieibarren.eus\/es\/nuevo-episodio-del-podcast-k-bitamina-con-miguel-martinena-igmar-optica\/#primaryimage"},"thumbnailUrl":"https:\/\/erosieibarren.eus\/wp-content\/uploads\/2026\/03\/igmar.png","keywords":["comercio local","igmar","\u00f3ptica","podcast"],"articleSection":["Sin categorizar"],"inLanguage":"es"},{"@type":"WebPage","@id":"https:\/\/erosieibarren.eus\/es\/nuevo-episodio-del-podcast-k-bitamina-con-miguel-martinena-igmar-optica\/","url":"https:\/\/erosieibarren.eus\/es\/nuevo-episodio-del-podcast-k-bitamina-con-miguel-martinena-igmar-optica\/","name":"K-Bitamina con Miguel Martinena de Igmar \u00d3ptica | Erosieibarren","isPartOf":{"@id":"https:\/\/erosieibarren.eus\/es\/#website"},"primaryImageOfPage":{"@id":"https:\/\/erosieibarren.eus\/es\/nuevo-episodio-del-podcast-k-bitamina-con-miguel-martinena-igmar-optica\/#primaryimage"},"image":{"@id":"https:\/\/erosieibarren.eus\/es\/nuevo-episodio-del-podcast-k-bitamina-con-miguel-martinena-igmar-optica\/#primaryimage"},"thumbnailUrl":"https:\/\/erosieibarren.eus\/wp-content\/uploads\/2026\/03\/igmar.png","datePublished":"2026-03-12T07:07:00+00:00","dateModified":"2026-03-12T07:10:38+00:00","description":"El podcast K-Bitamina entrevista a Miguel Martinena, responsable de Igmar \u00d3ptica en Eibar, para hablar sobre comercio local, trayectoria y cercan\u00eda con los clientes.","breadcrumb":{"@id":"https:\/\/erosieibarren.eus\/es\/nuevo-episodio-del-podcast-k-bitamina-con-miguel-martinena-igmar-optica\/#breadcrumb"},"inLanguage":"es","potentialAction":[{"@type":"ReadAction","target":["https:\/\/erosieibarren.eus\/es\/nuevo-episodio-del-podcast-k-bitamina-con-miguel-martinena-igmar-optica\/"]}]},{"@type":"ImageObject","inLanguage":"es","@id":"https:\/\/erosieibarren.eus\/es\/nuevo-episodio-del-podcast-k-bitamina-con-miguel-martinena-igmar-optica\/#primaryimage","url":"https:\/\/erosieibarren.eus\/wp-content\/uploads\/2026\/03\/igmar.png","contentUrl":"https:\/\/erosieibarren.eus\/wp-content\/uploads\/2026\/03\/igmar.png","width":786,"height":524},{"@type":"BreadcrumbList","@id":"https:\/\/erosieibarren.eus\/es\/nuevo-episodio-del-podcast-k-bitamina-con-miguel-martinena-igmar-optica\/#breadcrumb","itemListElement":[{"@type":"ListItem","position":1,"name":"Hasiera","item":"https:\/\/erosieibarren.eus\/es\/"},{"@type":"ListItem","position":2,"name":"Nuevo episodio del podcast K-Bitamina con Miguel Martinena, Igmar \u00d3ptica"}]},{"@type":"WebSite","@id":"https:\/\/erosieibarren.eus\/es\/#website","url":"https:\/\/erosieibarren.eus\/es\/","name":"Eibarko merkatarien web ataria","description":"Eibarko merkatarien web ataria","publisher":{"@id":"https:\/\/erosieibarren.eus\/es\/#organization"},"alternateName":"Erosieibarren.eus","potentialAction":[{"@type":"SearchAction","target":{"@type":"EntryPoint","urlTemplate":"https:\/\/erosieibarren.eus\/es\/?s={search_term_string}"},"query-input":{"@type":"PropertyValueSpecification","valueRequired":true,"valueName":"search_term_string"}}],"inLanguage":"es"},{"@type":"Organization","@id":"https:\/\/erosieibarren.eus\/es\/#organization","name":"Erosieibarren.eus","url":"https:\/\/erosieibarren.eus\/es\/","logo":{"@type":"ImageObject","inLanguage":"es","@id":"https:\/\/erosieibarren.eus\/es\/#\/schema\/logo\/image\/","url":"https:\/\/erosieibarren.eus\/wp-content\/uploads\/2022\/11\/logo-color.png","contentUrl":"https:\/\/erosieibarren.eus\/wp-content\/uploads\/2022\/11\/logo-color.png","width":1713,"height":321,"caption":"Erosieibarren.eus"},"image":{"@id":"https:\/\/erosieibarren.eus\/es\/#\/schema\/logo\/image\/"},"sameAs":["https:\/\/www.instagram.com\/erosieibarren_\/"]},{"@type":"Person","@id":"https:\/\/erosieibarren.eus\/es\/#\/schema\/person\/8f7673299d9496520a5da51fad1d750b","name":"cioka","image":{"@type":"ImageObject","inLanguage":"es","@id":"https:\/\/erosieibarren.eus\/wp-content\/plugins\/townhub-add-ons\/assets\/images\/avatar.jpg","url":"https:\/\/erosieibarren.eus\/wp-content\/plugins\/townhub-add-ons\/assets\/images\/avatar.jpg","contentUrl":"https:\/\/erosieibarren.eus\/wp-content\/plugins\/townhub-add-ons\/assets\/images\/avatar.jpg","caption":"cioka"}}]}},"jetpack_featured_media_url":"https:\/\/erosieibarren.eus\/wp-content\/uploads\/2026\/03\/igmar.png","_links":{"self":[{"href":"https:\/\/erosieibarren.eus\/es\/wp-json\/wp\/v2\/posts\/21184","targetHints":{"allow":["GET"]}}],"collection":[{"href":"https:\/\/erosieibarren.eus\/es\/wp-json\/wp\/v2\/posts"}],"about":[{"href":"https:\/\/erosieibarren.eus\/es\/wp-json\/wp\/v2\/types\/post"}],"author":[{"embeddable":true,"href":"https:\/\/erosieibarren.eus\/es\/wp-json\/wp\/v2\/users\/2"}],"replies":[{"embeddable":true,"href":"https:\/\/erosieibarren.eus\/es\/wp-json\/wp\/v2\/comments?post=21184"}],"version-history":[{"count":1,"href":"https:\/\/erosieibarren.eus\/es\/wp-json\/wp\/v2\/posts\/21184\/revisions"}],"predecessor-version":[{"id":21186,"href":"https:\/\/erosieibarren.eus\/es\/wp-json\/wp\/v2\/posts\/21184\/revisions\/21186"}],"wp:featuredmedia":[{"embeddable":true,"href":"https:\/\/erosieibarren.eus\/es\/wp-json\/wp\/v2\/media\/21182"}],"wp:attachment":[{"href":"https:\/\/erosieibarren.eus\/es\/wp-json\/wp\/v2\/media?parent=21184"}],"wp:term":[{"taxonomy":"category","embeddable":true,"href":"https:\/\/erosieibarren.eus\/es\/wp-json\/wp\/v2\/categories?post=21184"},{"taxonomy":"post_tag","embeddable":true,"href":"https:\/\/erosieibarren.eus\/es\/wp-json\/wp\/v2\/tags?post=21184"}],"curies":[{"name":"wp","href":"https:\/\/api.w.org\/{rel}","templated":true}]}}