{"id":21168,"date":"2026-03-05T08:34:59","date_gmt":"2026-03-05T07:34:59","guid":{"rendered":"https:\/\/erosieibarren.eus\/jose-mari-otegui-urkizuko-harakina-k-bitamina-podcasteko-atal-berrian\/"},"modified":"2026-03-05T08:39:56","modified_gmt":"2026-03-05T07:39:56","slug":"jose-mari-otegui-carnicero-de-otegui-protagonista-del-nuevo-episodio-de-k-bitamina","status":"publish","type":"post","link":"https:\/\/erosieibarren.eus\/es\/jose-mari-otegui-carnicero-de-otegui-protagonista-del-nuevo-episodio-de-k-bitamina\/","title":{"rendered":"Jose Mari Otegui, carnicero de Otegui, protagonista del nuevo episodio de K-Bitamina"},"content":{"rendered":"\n<p>El podcast <strong>K-Bitamina<\/strong> ha publicado un nuevo episodio en el que el protagonista es <strong>Jos\u00e9 Mari Otegui<\/strong>, carnicero de Otegui que lleva muchos a\u00f1os al frente de su negocio.<\/p>\n\n\n\n<p>Durante la conversaci\u00f3n, Jose Mari habla sobre su oficio, la relaci\u00f3n cercana con la clientela y la importancia que siguen teniendo los comercios de barrio en la vida diaria.<\/p>\n\n\n\n<p>\u201c<em>Yo creo que un comercio de este tipo te tiene que gustar. Por tradici\u00f3n todos mis familiares, mis t\u00edos, mis padres\u2026 son todos carniceros<\/em>\u201d, explica, recordando la tradici\u00f3n familiar que le llev\u00f3 a dedicarse a este oficio.<\/p>\n\n\n\n<p>El episodio pone en valor <strong>los oficios de siempre<\/strong> y el papel fundamental que juega el <strong>comercio local<\/strong> en nuestros barrios. A lo largo de la charla, Jose Mari comparte su experiencia al frente de la carnicer\u00eda y reflexiona sobre la confianza y cercan\u00eda que se construye con la clientela a lo largo de los a\u00f1os.<\/p>\n\n\n\n<p>Historias como la suya recuerdan c\u00f3mo los peque\u00f1os comercios siguen siendo una pieza clave para mantener vivos nuestros barrios.<\/p>\n\n\n\n<p>A continuaci\u00f3n puedes ver el episodio completo:<\/p>\n\n\n\n<figure class=\"wp-block-embed is-type-video is-provider-youtube wp-block-embed-youtube wp-embed-aspect-16-9 wp-has-aspect-ratio\"><div class=\"wp-block-embed__wrapper\">\n<iframe title=\"K-BITAMINA &quot;Otegui&quot;\" width=\"724\" height=\"407\" src=\"https:\/\/www.youtube.com\/embed\/RI9yauDM2YY?feature=oembed\" frameborder=\"0\" allow=\"accelerometer; autoplay; clipboard-write; encrypted-media; gyroscope; picture-in-picture; web-share\" referrerpolicy=\"strict-origin-when-cross-origin\" allowfullscreen><\/iframe>\n<\/div><\/figure>\n","protected":false},"excerpt":{"rendered":"<p>El podcast K-Bitamina ha publicado un nuevo episodio en el que el protagonista es Jos\u00e9 Mari Otegui, carnicero de Otegui que lleva muchos a\u00f1os al frente de su negocio. Durante la conversaci\u00f3n, Jose Mari habla sobre su oficio, la relaci\u00f3n cercana con la clientela y la importancia que siguen teniendo los comercios de barrio en &hellip; <\/p>\n","protected":false},"author":2,"featured_media":21166,"comment_status":"closed","ping_status":"closed","sticky":false,"template":"","format":"standard","meta":{"footnotes":""},"categories":[167],"tags":[369,362,372,368,387],"class_list":["post-21168","post","type-post","status-publish","format-standard","has-post-thumbnail","hentry","category-sin-categorizar","tag-comercio-local","tag-k-bitamina","tag-podcast","tag-podcasta","tag-tokiko-merkataritza"],"yoast_head":"<!-- This site is optimized with the Yoast SEO plugin v27.4 - https:\/\/yoast.com\/product\/yoast-seo-wordpress\/ -->\n<title>Jose Mari Otegui, carnicero de Otegui, en K-Bitamina | Erosieibarren<\/title>\n<meta name=\"description\" content=\"Jose Mari Otegui, carnicero de Otegui, protagoniza el nuevo episodio del podcast K-Bitamina. Una conversaci\u00f3n sobre oficio, cercan\u00eda y comercio local en Eibar.\" \/>\n<meta name=\"robots\" content=\"index, follow, max-snippet:-1, max-image-preview:large, max-video-preview:-1\" \/>\n<link rel=\"canonical\" href=\"https:\/\/erosieibarren.eus\/es\/jose-mari-otegui-carnicero-de-otegui-protagonista-del-nuevo-episodio-de-k-bitamina\/\" \/>\n<meta property=\"og:locale\" content=\"es_ES\" \/>\n<meta property=\"og:type\" content=\"article\" \/>\n<meta property=\"og:title\" content=\"Jose Mari Otegui, carnicero de Otegui, en K-Bitamina | Erosieibarren\" \/>\n<meta property=\"og:description\" content=\"Jose Mari Otegui, carnicero de Otegui, protagoniza el nuevo episodio del podcast K-Bitamina. Una conversaci\u00f3n sobre oficio, cercan\u00eda y comercio local en Eibar.\" \/>\n<meta property=\"og:url\" content=\"https:\/\/erosieibarren.eus\/es\/jose-mari-otegui-carnicero-de-otegui-protagonista-del-nuevo-episodio-de-k-bitamina\/\" \/>\n<meta property=\"og:site_name\" content=\"Erosieibarren.eus\" \/>\n<meta property=\"article:published_time\" content=\"2026-03-05T07:34:59+00:00\" \/>\n<meta property=\"article:modified_time\" content=\"2026-03-05T07:39:56+00:00\" \/>\n<meta property=\"og:image\" content=\"https:\/\/erosieibarren.eus\/wp-content\/uploads\/2026\/03\/k-bitamina-otegui.jpg\" \/>\n\t<meta property=\"og:image:width\" content=\"786\" \/>\n\t<meta property=\"og:image:height\" content=\"524\" \/>\n\t<meta property=\"og:image:type\" content=\"image\/jpeg\" \/>\n<meta name=\"author\" content=\"cioka\" \/>\n<meta name=\"twitter:card\" content=\"summary_large_image\" \/>\n<meta name=\"twitter:label1\" content=\"Escrito por\" \/>\n\t<meta name=\"twitter:data1\" content=\"cioka\" \/>\n\t<meta name=\"twitter:label2\" content=\"Tiempo de lectura\" \/>\n\t<meta name=\"twitter:data2\" content=\"2 minutos\" \/>\n<script type=\"application\/ld+json\" class=\"yoast-schema-graph\">{\"@context\":\"https:\\\/\\\/schema.org\",\"@graph\":[{\"@type\":\"Article\",\"@id\":\"https:\\\/\\\/erosieibarren.eus\\\/es\\\/jose-mari-otegui-carnicero-de-otegui-protagonista-del-nuevo-episodio-de-k-bitamina\\\/#article\",\"isPartOf\":{\"@id\":\"https:\\\/\\\/erosieibarren.eus\\\/es\\\/jose-mari-otegui-carnicero-de-otegui-protagonista-del-nuevo-episodio-de-k-bitamina\\\/\"},\"author\":{\"name\":\"cioka\",\"@id\":\"https:\\\/\\\/erosieibarren.eus\\\/es\\\/#\\\/schema\\\/person\\\/8f7673299d9496520a5da51fad1d750b\"},\"headline\":\"Jose Mari Otegui, carnicero de Otegui, protagonista del nuevo episodio de K-Bitamina\",\"datePublished\":\"2026-03-05T07:34:59+00:00\",\"dateModified\":\"2026-03-05T07:39:56+00:00\",\"mainEntityOfPage\":{\"@id\":\"https:\\\/\\\/erosieibarren.eus\\\/es\\\/jose-mari-otegui-carnicero-de-otegui-protagonista-del-nuevo-episodio-de-k-bitamina\\\/\"},\"wordCount\":210,\"publisher\":{\"@id\":\"https:\\\/\\\/erosieibarren.eus\\\/es\\\/#organization\"},\"image\":{\"@id\":\"https:\\\/\\\/erosieibarren.eus\\\/es\\\/jose-mari-otegui-carnicero-de-otegui-protagonista-del-nuevo-episodio-de-k-bitamina\\\/#primaryimage\"},\"thumbnailUrl\":\"https:\\\/\\\/erosieibarren.eus\\\/wp-content\\\/uploads\\\/2026\\\/03\\\/k-bitamina-otegui.jpg\",\"keywords\":[\"comercio local\",\"K-bitamina\",\"podcast\",\"podcasta\",\"tokiko-merkataritza\"],\"articleSection\":[\"Sin categorizar\"],\"inLanguage\":\"es\"},{\"@type\":\"WebPage\",\"@id\":\"https:\\\/\\\/erosieibarren.eus\\\/es\\\/jose-mari-otegui-carnicero-de-otegui-protagonista-del-nuevo-episodio-de-k-bitamina\\\/\",\"url\":\"https:\\\/\\\/erosieibarren.eus\\\/es\\\/jose-mari-otegui-carnicero-de-otegui-protagonista-del-nuevo-episodio-de-k-bitamina\\\/\",\"name\":\"Jose Mari Otegui, carnicero de Otegui, en K-Bitamina | Erosieibarren\",\"isPartOf\":{\"@id\":\"https:\\\/\\\/erosieibarren.eus\\\/es\\\/#website\"},\"primaryImageOfPage\":{\"@id\":\"https:\\\/\\\/erosieibarren.eus\\\/es\\\/jose-mari-otegui-carnicero-de-otegui-protagonista-del-nuevo-episodio-de-k-bitamina\\\/#primaryimage\"},\"image\":{\"@id\":\"https:\\\/\\\/erosieibarren.eus\\\/es\\\/jose-mari-otegui-carnicero-de-otegui-protagonista-del-nuevo-episodio-de-k-bitamina\\\/#primaryimage\"},\"thumbnailUrl\":\"https:\\\/\\\/erosieibarren.eus\\\/wp-content\\\/uploads\\\/2026\\\/03\\\/k-bitamina-otegui.jpg\",\"datePublished\":\"2026-03-05T07:34:59+00:00\",\"dateModified\":\"2026-03-05T07:39:56+00:00\",\"description\":\"Jose Mari Otegui, carnicero de Otegui, protagoniza el nuevo episodio del podcast K-Bitamina. Una conversaci\u00f3n sobre oficio, cercan\u00eda y comercio local en Eibar.\",\"breadcrumb\":{\"@id\":\"https:\\\/\\\/erosieibarren.eus\\\/es\\\/jose-mari-otegui-carnicero-de-otegui-protagonista-del-nuevo-episodio-de-k-bitamina\\\/#breadcrumb\"},\"inLanguage\":\"es\",\"potentialAction\":[{\"@type\":\"ReadAction\",\"target\":[\"https:\\\/\\\/erosieibarren.eus\\\/es\\\/jose-mari-otegui-carnicero-de-otegui-protagonista-del-nuevo-episodio-de-k-bitamina\\\/\"]}]},{\"@type\":\"ImageObject\",\"inLanguage\":\"es\",\"@id\":\"https:\\\/\\\/erosieibarren.eus\\\/es\\\/jose-mari-otegui-carnicero-de-otegui-protagonista-del-nuevo-episodio-de-k-bitamina\\\/#primaryimage\",\"url\":\"https:\\\/\\\/erosieibarren.eus\\\/wp-content\\\/uploads\\\/2026\\\/03\\\/k-bitamina-otegui.jpg\",\"contentUrl\":\"https:\\\/\\\/erosieibarren.eus\\\/wp-content\\\/uploads\\\/2026\\\/03\\\/k-bitamina-otegui.jpg\",\"width\":786,\"height\":524},{\"@type\":\"BreadcrumbList\",\"@id\":\"https:\\\/\\\/erosieibarren.eus\\\/es\\\/jose-mari-otegui-carnicero-de-otegui-protagonista-del-nuevo-episodio-de-k-bitamina\\\/#breadcrumb\",\"itemListElement\":[{\"@type\":\"ListItem\",\"position\":1,\"name\":\"Hasiera\",\"item\":\"https:\\\/\\\/erosieibarren.eus\\\/es\\\/\"},{\"@type\":\"ListItem\",\"position\":2,\"name\":\"Jose Mari Otegui, carnicero de Otegui, protagonista del nuevo episodio de K-Bitamina\"}]},{\"@type\":\"WebSite\",\"@id\":\"https:\\\/\\\/erosieibarren.eus\\\/es\\\/#website\",\"url\":\"https:\\\/\\\/erosieibarren.eus\\\/es\\\/\",\"name\":\"Eibarko merkatarien web ataria\",\"description\":\"Eibarko merkatarien web ataria\",\"publisher\":{\"@id\":\"https:\\\/\\\/erosieibarren.eus\\\/es\\\/#organization\"},\"alternateName\":\"Erosieibarren.eus\",\"potentialAction\":[{\"@type\":\"SearchAction\",\"target\":{\"@type\":\"EntryPoint\",\"urlTemplate\":\"https:\\\/\\\/erosieibarren.eus\\\/es\\\/?s={search_term_string}\"},\"query-input\":{\"@type\":\"PropertyValueSpecification\",\"valueRequired\":true,\"valueName\":\"search_term_string\"}}],\"inLanguage\":\"es\"},{\"@type\":\"Organization\",\"@id\":\"https:\\\/\\\/erosieibarren.eus\\\/es\\\/#organization\",\"name\":\"Erosieibarren.eus\",\"url\":\"https:\\\/\\\/erosieibarren.eus\\\/es\\\/\",\"logo\":{\"@type\":\"ImageObject\",\"inLanguage\":\"es\",\"@id\":\"https:\\\/\\\/erosieibarren.eus\\\/es\\\/#\\\/schema\\\/logo\\\/image\\\/\",\"url\":\"https:\\\/\\\/erosieibarren.eus\\\/wp-content\\\/uploads\\\/2022\\\/11\\\/logo-color.png\",\"contentUrl\":\"https:\\\/\\\/erosieibarren.eus\\\/wp-content\\\/uploads\\\/2022\\\/11\\\/logo-color.png\",\"width\":1713,\"height\":321,\"caption\":\"Erosieibarren.eus\"},\"image\":{\"@id\":\"https:\\\/\\\/erosieibarren.eus\\\/es\\\/#\\\/schema\\\/logo\\\/image\\\/\"},\"sameAs\":[\"https:\\\/\\\/www.instagram.com\\\/erosieibarren_\\\/\"]},{\"@type\":\"Person\",\"@id\":\"https:\\\/\\\/erosieibarren.eus\\\/es\\\/#\\\/schema\\\/person\\\/8f7673299d9496520a5da51fad1d750b\",\"name\":\"cioka\",\"image\":{\"@type\":\"ImageObject\",\"inLanguage\":\"es\",\"@id\":\"https:\\\/\\\/erosieibarren.eus\\\/wp-content\\\/plugins\\\/townhub-add-ons\\\/assets\\\/images\\\/avatar.jpg\",\"url\":\"https:\\\/\\\/erosieibarren.eus\\\/wp-content\\\/plugins\\\/townhub-add-ons\\\/assets\\\/images\\\/avatar.jpg\",\"contentUrl\":\"https:\\\/\\\/erosieibarren.eus\\\/wp-content\\\/plugins\\\/townhub-add-ons\\\/assets\\\/images\\\/avatar.jpg\",\"caption\":\"cioka\"}}]}<\/script>\n<!-- \/ Yoast SEO plugin. -->","yoast_head_json":{"title":"Jose Mari Otegui, carnicero de Otegui, en K-Bitamina | Erosieibarren","description":"Jose Mari Otegui, carnicero de Otegui, protagoniza el nuevo episodio del podcast K-Bitamina. Una conversaci\u00f3n sobre oficio, cercan\u00eda y comercio local en Eibar.","robots":{"index":"index","follow":"follow","max-snippet":"max-snippet:-1","max-image-preview":"max-image-preview:large","max-video-preview":"max-video-preview:-1"},"canonical":"https:\/\/erosieibarren.eus\/es\/jose-mari-otegui-carnicero-de-otegui-protagonista-del-nuevo-episodio-de-k-bitamina\/","og_locale":"es_ES","og_type":"article","og_title":"Jose Mari Otegui, carnicero de Otegui, en K-Bitamina | Erosieibarren","og_description":"Jose Mari Otegui, carnicero de Otegui, protagoniza el nuevo episodio del podcast K-Bitamina. Una conversaci\u00f3n sobre oficio, cercan\u00eda y comercio local en Eibar.","og_url":"https:\/\/erosieibarren.eus\/es\/jose-mari-otegui-carnicero-de-otegui-protagonista-del-nuevo-episodio-de-k-bitamina\/","og_site_name":"Erosieibarren.eus","article_published_time":"2026-03-05T07:34:59+00:00","article_modified_time":"2026-03-05T07:39:56+00:00","og_image":[{"width":786,"height":524,"url":"https:\/\/erosieibarren.eus\/wp-content\/uploads\/2026\/03\/k-bitamina-otegui.jpg","type":"image\/jpeg"}],"author":"cioka","twitter_card":"summary_large_image","twitter_misc":{"Escrito por":"cioka","Tiempo de lectura":"2 minutos"},"schema":{"@context":"https:\/\/schema.org","@graph":[{"@type":"Article","@id":"https:\/\/erosieibarren.eus\/es\/jose-mari-otegui-carnicero-de-otegui-protagonista-del-nuevo-episodio-de-k-bitamina\/#article","isPartOf":{"@id":"https:\/\/erosieibarren.eus\/es\/jose-mari-otegui-carnicero-de-otegui-protagonista-del-nuevo-episodio-de-k-bitamina\/"},"author":{"name":"cioka","@id":"https:\/\/erosieibarren.eus\/es\/#\/schema\/person\/8f7673299d9496520a5da51fad1d750b"},"headline":"Jose Mari Otegui, carnicero de Otegui, protagonista del nuevo episodio de K-Bitamina","datePublished":"2026-03-05T07:34:59+00:00","dateModified":"2026-03-05T07:39:56+00:00","mainEntityOfPage":{"@id":"https:\/\/erosieibarren.eus\/es\/jose-mari-otegui-carnicero-de-otegui-protagonista-del-nuevo-episodio-de-k-bitamina\/"},"wordCount":210,"publisher":{"@id":"https:\/\/erosieibarren.eus\/es\/#organization"},"image":{"@id":"https:\/\/erosieibarren.eus\/es\/jose-mari-otegui-carnicero-de-otegui-protagonista-del-nuevo-episodio-de-k-bitamina\/#primaryimage"},"thumbnailUrl":"https:\/\/erosieibarren.eus\/wp-content\/uploads\/2026\/03\/k-bitamina-otegui.jpg","keywords":["comercio local","K-bitamina","podcast","podcasta","tokiko-merkataritza"],"articleSection":["Sin categorizar"],"inLanguage":"es"},{"@type":"WebPage","@id":"https:\/\/erosieibarren.eus\/es\/jose-mari-otegui-carnicero-de-otegui-protagonista-del-nuevo-episodio-de-k-bitamina\/","url":"https:\/\/erosieibarren.eus\/es\/jose-mari-otegui-carnicero-de-otegui-protagonista-del-nuevo-episodio-de-k-bitamina\/","name":"Jose Mari Otegui, carnicero de Otegui, en K-Bitamina | Erosieibarren","isPartOf":{"@id":"https:\/\/erosieibarren.eus\/es\/#website"},"primaryImageOfPage":{"@id":"https:\/\/erosieibarren.eus\/es\/jose-mari-otegui-carnicero-de-otegui-protagonista-del-nuevo-episodio-de-k-bitamina\/#primaryimage"},"image":{"@id":"https:\/\/erosieibarren.eus\/es\/jose-mari-otegui-carnicero-de-otegui-protagonista-del-nuevo-episodio-de-k-bitamina\/#primaryimage"},"thumbnailUrl":"https:\/\/erosieibarren.eus\/wp-content\/uploads\/2026\/03\/k-bitamina-otegui.jpg","datePublished":"2026-03-05T07:34:59+00:00","dateModified":"2026-03-05T07:39:56+00:00","description":"Jose Mari Otegui, carnicero de Otegui, protagoniza el nuevo episodio del podcast K-Bitamina. Una conversaci\u00f3n sobre oficio, cercan\u00eda y comercio local en Eibar.","breadcrumb":{"@id":"https:\/\/erosieibarren.eus\/es\/jose-mari-otegui-carnicero-de-otegui-protagonista-del-nuevo-episodio-de-k-bitamina\/#breadcrumb"},"inLanguage":"es","potentialAction":[{"@type":"ReadAction","target":["https:\/\/erosieibarren.eus\/es\/jose-mari-otegui-carnicero-de-otegui-protagonista-del-nuevo-episodio-de-k-bitamina\/"]}]},{"@type":"ImageObject","inLanguage":"es","@id":"https:\/\/erosieibarren.eus\/es\/jose-mari-otegui-carnicero-de-otegui-protagonista-del-nuevo-episodio-de-k-bitamina\/#primaryimage","url":"https:\/\/erosieibarren.eus\/wp-content\/uploads\/2026\/03\/k-bitamina-otegui.jpg","contentUrl":"https:\/\/erosieibarren.eus\/wp-content\/uploads\/2026\/03\/k-bitamina-otegui.jpg","width":786,"height":524},{"@type":"BreadcrumbList","@id":"https:\/\/erosieibarren.eus\/es\/jose-mari-otegui-carnicero-de-otegui-protagonista-del-nuevo-episodio-de-k-bitamina\/#breadcrumb","itemListElement":[{"@type":"ListItem","position":1,"name":"Hasiera","item":"https:\/\/erosieibarren.eus\/es\/"},{"@type":"ListItem","position":2,"name":"Jose Mari Otegui, carnicero de Otegui, protagonista del nuevo episodio de K-Bitamina"}]},{"@type":"WebSite","@id":"https:\/\/erosieibarren.eus\/es\/#website","url":"https:\/\/erosieibarren.eus\/es\/","name":"Eibarko merkatarien web ataria","description":"Eibarko merkatarien web ataria","publisher":{"@id":"https:\/\/erosieibarren.eus\/es\/#organization"},"alternateName":"Erosieibarren.eus","potentialAction":[{"@type":"SearchAction","target":{"@type":"EntryPoint","urlTemplate":"https:\/\/erosieibarren.eus\/es\/?s={search_term_string}"},"query-input":{"@type":"PropertyValueSpecification","valueRequired":true,"valueName":"search_term_string"}}],"inLanguage":"es"},{"@type":"Organization","@id":"https:\/\/erosieibarren.eus\/es\/#organization","name":"Erosieibarren.eus","url":"https:\/\/erosieibarren.eus\/es\/","logo":{"@type":"ImageObject","inLanguage":"es","@id":"https:\/\/erosieibarren.eus\/es\/#\/schema\/logo\/image\/","url":"https:\/\/erosieibarren.eus\/wp-content\/uploads\/2022\/11\/logo-color.png","contentUrl":"https:\/\/erosieibarren.eus\/wp-content\/uploads\/2022\/11\/logo-color.png","width":1713,"height":321,"caption":"Erosieibarren.eus"},"image":{"@id":"https:\/\/erosieibarren.eus\/es\/#\/schema\/logo\/image\/"},"sameAs":["https:\/\/www.instagram.com\/erosieibarren_\/"]},{"@type":"Person","@id":"https:\/\/erosieibarren.eus\/es\/#\/schema\/person\/8f7673299d9496520a5da51fad1d750b","name":"cioka","image":{"@type":"ImageObject","inLanguage":"es","@id":"https:\/\/erosieibarren.eus\/wp-content\/plugins\/townhub-add-ons\/assets\/images\/avatar.jpg","url":"https:\/\/erosieibarren.eus\/wp-content\/plugins\/townhub-add-ons\/assets\/images\/avatar.jpg","contentUrl":"https:\/\/erosieibarren.eus\/wp-content\/plugins\/townhub-add-ons\/assets\/images\/avatar.jpg","caption":"cioka"}}]}},"jetpack_featured_media_url":"https:\/\/erosieibarren.eus\/wp-content\/uploads\/2026\/03\/k-bitamina-otegui.jpg","_links":{"self":[{"href":"https:\/\/erosieibarren.eus\/es\/wp-json\/wp\/v2\/posts\/21168","targetHints":{"allow":["GET"]}}],"collection":[{"href":"https:\/\/erosieibarren.eus\/es\/wp-json\/wp\/v2\/posts"}],"about":[{"href":"https:\/\/erosieibarren.eus\/es\/wp-json\/wp\/v2\/types\/post"}],"author":[{"embeddable":true,"href":"https:\/\/erosieibarren.eus\/es\/wp-json\/wp\/v2\/users\/2"}],"replies":[{"embeddable":true,"href":"https:\/\/erosieibarren.eus\/es\/wp-json\/wp\/v2\/comments?post=21168"}],"version-history":[{"count":1,"href":"https:\/\/erosieibarren.eus\/es\/wp-json\/wp\/v2\/posts\/21168\/revisions"}],"predecessor-version":[{"id":21170,"href":"https:\/\/erosieibarren.eus\/es\/wp-json\/wp\/v2\/posts\/21168\/revisions\/21170"}],"wp:featuredmedia":[{"embeddable":true,"href":"https:\/\/erosieibarren.eus\/es\/wp-json\/wp\/v2\/media\/21166"}],"wp:attachment":[{"href":"https:\/\/erosieibarren.eus\/es\/wp-json\/wp\/v2\/media?parent=21168"}],"wp:term":[{"taxonomy":"category","embeddable":true,"href":"https:\/\/erosieibarren.eus\/es\/wp-json\/wp\/v2\/categories?post=21168"},{"taxonomy":"post_tag","embeddable":true,"href":"https:\/\/erosieibarren.eus\/es\/wp-json\/wp\/v2\/tags?post=21168"}],"curies":[{"name":"wp","href":"https:\/\/api.w.org\/{rel}","templated":true}]}}